{"id":109,"date":"2024-07-12T07:45:11","date_gmt":"2024-07-12T07:45:11","guid":{"rendered":"https:\/\/cultisverg.com\/?p=109"},"modified":"2025-05-13T06:35:51","modified_gmt":"2025-05-13T06:35:51","slug":"a-franciaorszagban-1992-ben-telepitett-napelemek-kapacitasuk-mintegy-80-szazalekat-megtartottak","status":"publish","type":"post","link":"https:\/\/cultisverg.com\/?p=109","title":{"rendered":"A Franciaorsz\u00e1gban 1992-ben telep\u00edtett napelemek kapacit\u00e1suk mintegy 80 sz\u00e1zal\u00e9k\u00e1t megtartott\u00e1k"},"content":{"rendered":"<p>A napelemek \u00e9lettartama 20-40 \u00e9v. Figyelembe kell azonban venni, hogy energiahat\u00e9konys\u00e1guk id\u0151vel cs\u00f6kken. A panelek t\u00e9nyleges \u00e9lettartam\u00e1t azonban m\u00e9g nem hat\u00e1rozt\u00e1k meg. P\u00e9ld\u00e1ul a Lyonban (Franciaorsz\u00e1g) 1992-ben telep\u00edtett, 1 kilowatt teljes\u00edtm\u00e9ny\u0171 \u00e9s 10 n\u00e9gyzetm\u00e9ter alapter\u00fclet\u0171 Phebus 1 napelem panel a k\u00f6zelm\u00faltban v\u00e9gzett m\u0171szaki ellen\u0151rz\u00e9s sor\u00e1n eredeti teljes\u00edtm\u00e9ny\u00e9nek mintegy 80%-\u00e1t adta le.<!--nextpage--><\/p>\n<p>Ez az eredm\u00e9ny jellemz\u0151en 25 \u00e9v m\u0171k\u00f6d\u00e9s ut\u00e1n jellemz\u0151 a panelekre. M\u00e1s sz\u00f3val a Phebus 1 teljes\u00edtm\u00e9nye 31 \u00e9v \u00fczemid\u0151 alatt \u00e9vente csak 0,66%-kal cs\u00f6kkent. Az elm\u00falt \u00e9vek sor\u00e1n az er\u0151m\u0171 t\u00f6bb mint 20300 kW\u22c5h villamos energi\u00e1t termelt, azaz \u00e9vente k\u00f6zel 750 kW\u22c5h-t.<br \/>\nA napelemek ilyen irigyl\u00e9sre m\u00e9lt\u00f3 hossz\u00fa \u00e9lettartama er\u0151s \u00e9rv amellett, hogy a meg\u00fajul\u00f3 tiszta energiaforr\u00e1sokra val\u00f3 \u00e1ltal\u00e1nos \u00e1t\u00e1ll\u00e1s sor\u00e1n a tet\u0151kre telep\u00edts\u00e9k \u0151ket.<\/p>\n","protected":false},"excerpt":{"rendered":"<p>A napelemek \u00e9lettartama 20-40 \u00e9v. Figyelembe kell azonban venni, hogy energiahat\u00e9konys\u00e1guk id\u0151vel cs\u00f6kken. A panelek t\u00e9nyleges \u00e9lettartam\u00e1t azonban m\u00e9g nem hat\u00e1rozt\u00e1k meg. P\u00e9ld\u00e1ul a Lyonban (Franciaorsz\u00e1g) 1992-ben telep\u00edtett, 1 kilowatt&hellip;<\/p>\n","protected":false},"author":2,"featured_media":80,"comment_status":"open","ping_status":"open","sticky":false,"template":"","format":"standard","meta":{"footnotes":""},"categories":[28],"tags":[],"class_list":["post-109","post","type-post","status-publish","format-standard","has-post-thumbnail","hentry","category-technologia"],"_links":{"self":[{"href":"https:\/\/cultisverg.com\/index.php?rest_route=\/wp\/v2\/posts\/109","targetHints":{"allow":["GET"]}}],"collection":[{"href":"https:\/\/cultisverg.com\/index.php?rest_route=\/wp\/v2\/posts"}],"about":[{"href":"https:\/\/cultisverg.com\/index.php?rest_route=\/wp\/v2\/types\/post"}],"author":[{"embeddable":true,"href":"https:\/\/cultisverg.com\/index.php?rest_route=\/wp\/v2\/users\/2"}],"replies":[{"embeddable":true,"href":"https:\/\/cultisverg.com\/index.php?rest_route=%2Fwp%2Fv2%2Fcomments&post=109"}],"version-history":[{"count":4,"href":"https:\/\/cultisverg.com\/index.php?rest_route=\/wp\/v2\/posts\/109\/revisions"}],"predecessor-version":[{"id":564,"href":"https:\/\/cultisverg.com\/index.php?rest_route=\/wp\/v2\/posts\/109\/revisions\/564"}],"wp:featuredmedia":[{"embeddable":true,"href":"https:\/\/cultisverg.com\/index.php?rest_route=\/wp\/v2\/media\/80"}],"wp:attachment":[{"href":"https:\/\/cultisverg.com\/index.php?rest_route=%2Fwp%2Fv2%2Fmedia&parent=109"}],"wp:term":[{"taxonomy":"category","embeddable":true,"href":"https:\/\/cultisverg.com\/index.php?rest_route=%2Fwp%2Fv2%2Fcategories&post=109"},{"taxonomy":"post_tag","embeddable":true,"href":"https:\/\/cultisverg.com\/index.php?rest_route=%2Fwp%2Fv2%2Ftags&post=109"}],"curies":[{"name":"wp","href":"https:\/\/api.w.org\/{rel}","templated":true}]}}